{"id":194,"count":2,"description":"Lite om v\u00e5r resa till Brom\u00f6lla och Bella's Place, som egentligen varade i tv\u00e5 dagar eftersom \u00f6vernattning ingick.","link":"https:\/\/familjen.larsen.vc\/?cat=194","name":"Bella's Place 2021","slug":"bellas-place-2021","taxonomy":"category","parent":24,"meta":[],"_links":{"self":[{"href":"https:\/\/familjen.larsen.vc\/index.php?rest_route=\/wp\/v2\/categories\/194","targetHints":{"allow":["GET"]}}],"collection":[{"href":"https:\/\/familjen.larsen.vc\/index.php?rest_route=\/wp\/v2\/categories"}],"about":[{"href":"https:\/\/familjen.larsen.vc\/index.php?rest_route=\/wp\/v2\/taxonomies\/category"}],"up":[{"embeddable":true,"href":"https:\/\/familjen.larsen.vc\/index.php?rest_route=\/wp\/v2\/categories\/24"}],"wp:post_type":[{"href":"https:\/\/familjen.larsen.vc\/index.php?rest_route=%2Fwp%2Fv2%2Fposts&categories=194"}],"curies":[{"name":"wp","href":"https:\/\/api.w.org\/{rel}","templated":true}]}}